{"id":507,"date":"2012-03-02T23:03:28","date_gmt":"2012-03-02T22:03:28","guid":{"rendered":"http:\/\/www.lettiseparati.it\/?p=507"},"modified":"2012-03-02T23:13:33","modified_gmt":"2012-03-02T22:13:33","slug":"pezzi06-te-la-senti","status":"publish","type":"post","link":"https:\/\/www.lettiseparati.it\/?p=507","title":{"rendered":"PEZZI\/06 &#8211; TE LA SENTI?"},"content":{"rendered":"<blockquote><p><span style=\"color: #000000;\"><em>Il giorno in cui decisi di laurearmi, me lo ricordo come fosse oggi. <\/em><\/span><br \/>\n<span style=\"color: #000000;\"><em> I miei avevano un\u2019azienda agricola nelle campagne ciociare, vicino a Frosinone. Due miei fratelli stanno ancora l\u00ec, hanno le vacche, fanno il formaggio.<\/em><\/span><br \/>\n<span style=\"color: #000000;\"><em> Io invece, a diciott\u2019anni, finito il liceo, dissi a mio padre, &#8220;A pa\u2019, io voglio andare avanti a studiare, vado all\u2019universit\u00e0.&#8221; E sono salito su a Piacenza, alla Cattolica, facolt\u00e0 di agraria. Con la mia valigia me ne sono venuto e stavo al collegio sant\u2019Isidoro.<\/em><\/span><br \/>\n<span style=\"color: #000000;\"><em> Tempo due mesi e m\u2019ero gi\u00e0 rotto i coglioni. I corsi, lo studio, il collegio, il non trovarsi bene con i compagni, non so. Al momento di andare a casa per le vacanze di Natale ho svuotato il mio armadietto, ho rifatto la valigia, sono tornato gi\u00f9 e ho detto a mio padre, &#8220;A pa\u2019, sono tornato, e non torno pi\u00f9 su. Mi fermo qua e lavoro con te.&#8221; Lui mi ha guardato, ha fatto s\u00ec con la testa e mi ha detto &#8220;Bene, stai tranquillo, non ci pensare, qui il lavoro non manca.&#8221; <\/em><\/span><br \/>\n<span style=\"color: #000000;\"><em> E cos\u00ec tornai a lavorare nelle stalle, a portare via il latte, a stare attento alla pulizia, a curare la distribuzione del foraggio. Lo facevo bene, e mi piaceva. Ero contento.<\/em><\/span><br \/>\n<span style=\"color: #000000;\"><em> And\u00f2 avanti cos\u00ec una settimana, e pass\u00f2 il capodanno.<\/em><\/span><br \/>\n<span style=\"color: #000000;\"><em> Due giorni dopo, era di sera, e mi ricordo che faceva un freddo cane. C\u2019era un vento che tagliava la faccia e minacciava neve.<\/em><\/span><br \/>\n<span style=\"color: #000000;\"><em> Mio padre mi chiam\u00f2 da parte e mi disse &#8220;C\u2019\u00e8 un problema. Io e la mamma dobbiamo andare dallo zio Gino che nun sta bene, gliel\u2019abbiamo promesso, ma vedi che c\u2019\u00e8, \u00e8 successo qualcosa, s\u2019\u00e8 rotta una cinghia, nun so, e nun funziona pi\u00f9 il raschiatore. C\u2019\u00e8 da portare fuori tutto il liquame a mano, con pala e carriola. E allora ce devi penza\u2019 tu. Te la senti?&#8221; E io, che dovevo di\u2019? &#8220;Va bene pap\u00e0, ci penso io.&#8221;<\/em><\/span><br \/>\n<span style=\"color: #000000;\"><em> Me lo ricordo come fosse oggi. Una carriola di merda e di piscio dopo l\u2019altra, che dovevo portare, guarda, come da qua a l\u00e0 in fondo, che quando uscivo dalla stalla il vento mi tagliava la faccia da un lato, e quando tornavo me la tagliava dall\u2019altro. Il freddo, la puzza, la fatica e lo schifo. Tre ore c\u2019ho messo, che quando \u00e8 tornato mio padre &#8220;Bravo,&#8221; m\u2019ha detto, &#8220;ora ci penso io, vatti a fare una doccia&#8221;, io sono andato e, tempo di finire, mio padre mi fa &#8220;Oh, era una stronzata, il nastro \u00e8 a posto, ora funziona benissimo.<\/em>&#8220;<\/span><br \/>\n<span style=\"color: #000000;\"><em> Il giorno dopo, a tavola, &#8220;Pap\u00e0,&#8221; gli ho detto, &#8220;sai che c\u2019\u00e8? Ci ho ripensato, torno a Piacenza e mi metto a studiare. Sul serio, mi laureo<\/em>.&#8221;<\/span><br \/>\n<span style=\"color: #000000;\"><em> Lui non ha detto niente, ha guardato di sguincio mia madre e ha abbozzato un mezzo sorriso. Poi mi ha versato da bere.<\/em><\/span><br \/>\n<span style=\"color: #000000;\"><em> Che io non gliel\u2019ho mai chiesto, e adesso \u00e8 tardi, e lui \u00e8 da mo che \u00e8 morto, ma in testa mia sono sicuro che quel nastro trasportatore l\u2019ha rotto lui.<\/em><\/span><\/p><\/blockquote>\n","protected":false},"excerpt":{"rendered":"<p>Il giorno in cui decisi di laurearmi, me lo ricordo come fosse oggi. I miei avevano un\u2019azienda agricola nelle campagne ciociare, vicino a Frosinone. Due miei fratelli stanno ancora l\u00ec, hanno le vacche, fanno il formaggio. Io invece, a diciott\u2019anni, finito il liceo, dissi a mio padre, &#8220;A pa\u2019, io voglio andare avanti a studiare, &hellip; <a href=\"https:\/\/www.lettiseparati.it\/?p=507\" class=\"more-link\">Continue reading<span class=\"screen-reader-text\"> &#8220;PEZZI\/06 &#8211; TE LA SENTI?&#8221;<\/span><\/a><\/p>\n","protected":false},"author":2,"featured_media":0,"comment_status":"open","ping_status":"open","sticky":false,"template":"","format":"standard","meta":[],"categories":[68],"tags":[],"_links":{"self":[{"href":"https:\/\/www.lettiseparati.it\/index.php?rest_route=\/wp\/v2\/posts\/507"}],"collection":[{"href":"https:\/\/www.lettiseparati.it\/index.php?rest_route=\/wp\/v2\/posts"}],"about":[{"href":"https:\/\/www.lettiseparati.it\/index.php?rest_route=\/wp\/v2\/types\/post"}],"author":[{"embeddable":true,"href":"https:\/\/www.lettiseparati.it\/index.php?rest_route=\/wp\/v2\/users\/2"}],"replies":[{"embeddable":true,"href":"https:\/\/www.lettiseparati.it\/index.php?rest_route=%2Fwp%2Fv2%2Fcomments&post=507"}],"version-history":[{"count":3,"href":"https:\/\/www.lettiseparati.it\/index.php?rest_route=\/wp\/v2\/posts\/507\/revisions"}],"predecessor-version":[{"id":510,"href":"https:\/\/www.lettiseparati.it\/index.php?rest_route=\/wp\/v2\/posts\/507\/revisions\/510"}],"wp:attachment":[{"href":"https:\/\/www.lettiseparati.it\/index.php?rest_route=%2Fwp%2Fv2%2Fmedia&parent=507"}],"wp:term":[{"taxonomy":"category","embeddable":true,"href":"https:\/\/www.lettiseparati.it\/index.php?rest_route=%2Fwp%2Fv2%2Fcategories&post=507"},{"taxonomy":"post_tag","embeddable":true,"href":"https:\/\/www.lettiseparati.it\/index.php?rest_route=%2Fwp%2Fv2%2Ftags&post=507"}],"curies":[{"name":"wp","href":"https:\/\/api.w.org\/{rel}","templated":true}]}}