{"id":473,"date":"2012-01-28T15:46:23","date_gmt":"2012-01-28T14:46:23","guid":{"rendered":"http:\/\/www.lettiseparati.it\/?p=473"},"modified":"2012-01-28T15:46:23","modified_gmt":"2012-01-28T14:46:23","slug":"bricoleur-dellintercettazione","status":"publish","type":"post","link":"https:\/\/www.lettiseparati.it\/?p=473","title":{"rendered":"BRICOLEUR DELL\u2019INTERCETTAZIONE"},"content":{"rendered":"<p><span style=\"color: #000000;\"><a href=\"http:\/\/www.lettiseparati.it\/wp-content\/uploads\/2012\/01\/intercettazioni.gif\"><img loading=\"lazy\" class=\"alignleft  wp-image-474\" style=\"margin: 2px;\" title=\"\u00a9Vauro\" src=\"http:\/\/www.lettiseparati.it\/wp-content\/uploads\/2012\/01\/intercettazioni-300x300.gif\" alt=\"\" width=\"210\" height=\"210\" srcset=\"https:\/\/www.lettiseparati.it\/wp-content\/uploads\/2012\/01\/intercettazioni-300x300.gif 300w, https:\/\/www.lettiseparati.it\/wp-content\/uploads\/2012\/01\/intercettazioni-150x150.gif 150w, https:\/\/www.lettiseparati.it\/wp-content\/uploads\/2012\/01\/intercettazioni.gif 400w\" sizes=\"(max-width: 210px) 85vw, 210px\" \/><\/a>C\u2019\u00e8 maretta, in questa quarta. Storie di favoritismi, veri o presunti tali, e di leccaculismo reale o supposto hanno reso i rapporti piuttosto tesi. <\/span><br \/>\n<span style=\"color: #000000;\">A farne le spese, a torto o a ragione non so\u00a0 &#8211; e non m\u2019interessa gran che -, \u00e8 soprattutto una ragazza, pi\u00f9 ingenua o pi\u00f9 fessa degli altri, che senza curarsi dell\u2019indice di gradimento tende a coltivare il proprio orticello in modo senz\u2019altro lecito ma piuttosto esclusivo, al prezzo di continui scazzi coi compagni.<\/span><br \/>\n<span style=\"color: #000000;\">E allora, all\u2019ennesimo scazzo, il compagno pi\u00f9 scafato e pi\u00f9 tecnoevoluto sai che fa?<\/span><br \/>\n<span style=\"color: #000000;\">Col cellulare, durante un cambio d\u2019ora registra alcune affermazioni della ragazza, piuttosto pepate e non proprio ortodosse, riguardo ad alcuni insegnanti. Dopodich\u00e9 le fa riascoltare all\u2019autrice e la minaccia di renderne edotti gli interessati.<\/span><br \/>\n<span style=\"color: #000000;\">Insomma, intercettazione fai-da-te e relativo ricatto in sedicesimo.<\/span><br \/>\n<span style=\"color: #000000;\">Son qui a fare un\u2019ora di sostituzione e perci\u00f2 chiedo conto del marasma in cui m\u2019imbatto al mio ingresso nell\u2019aula. Cos\u00ec la ragazza, a dir poco alterata, mi mette a conoscenza della situazione tra le risate e i salaci commenti dei compagni.<\/span><br \/>\n<span style=\"color: #000000;\">Non ho avuto una reazione molto equilibrata. Anzi, diciamo che mi sono incazzato di brutto.<\/span><br \/>\n<span style=\"color: #000000;\">I ragazzi sono tutti maggiorenni o al limite dei diciott\u2019anni. E io mi chiedo (al di l\u00e0 della liceit\u00e0 \u201cpenale\u201d di un comportamento del genere) quanto di questa bravata sia frutto di stronzaggine congenita e quanto invece sia figlio del recente, martellante riferimento mediatico alle intercettazioni, del quale questi ragazzi hanno colto &#8211; e mi ripetono &#8211; quel che ritengono essere il succo della questione (<em>dalle intercettazioni si ricava LA VERIT\u00c0!<\/em>), senza capire un prospero di tutto il contesto di polemiche e argomenti contro o a favore delle intercettazioni. <\/span><br \/>\n<span style=\"color: #000000;\">Alcuni di loro \u2013 compreso il <em>bricoleur<\/em> dell\u2019intercettazione \u2013 sono in qualche modo recidivi nell&#8217;arte del render pubblico quel che non lo \u00e8: gi\u00e0 un paio di volte li ho avvertiti e ripresi io stesso, in relazione ad alcuni eleganti post scritti su Facebook in cui (riferendosi alla preside e ad un compagno di classe, entrambi citati con nome e cognome) si producevano in insulti sanguinosi e in prese in giro feroci, del tutto inconsapevoli delle possibili conseguenze. Che allora si palesarono in una denuncia della preside alla polizia postale.<\/span><br \/>\n<span style=\"color: #000000;\">Non so, ho sempre pi\u00f9 l\u2019impressione di essere circondato da un branco di <em>minus habentes,<\/em> ai quali sia stata messa in mano un\u2019arma senza essersi assicurati della presenza del\u00a0 buon senso necessario a discriminare il come e il quando usarla, e soprattutto il se.<\/span><br \/>\n<span style=\"color: #000000;\">Per quel che mi riguarda \u2013 dico loro -, da qui fino all\u2019ultimo giorno della quinta in questa classe non tollerer\u00f2 che un cellulare venga tenuto in mano durante le mie ore, acceso o non acceso, <em>smart<\/em> o <em>dummy<\/em> che sia non m\u2019interessa. Requisizione, consegna in presidenza, convocazione dei genitori e tutto l\u2019ambaradan del caso, mica balle.<\/span><br \/>\n<span style=\"color: #000000;\">\u2018Nziamai che mi ritrovi sputtanato per una parola non appropriata, un epiteto poco ortodosso, un filmato in cui mi si veda con l\u2019indice nel naso. Vai a contestualizzare, poi, a latte versato.<\/span><br \/>\n<span style=\"color: #000000;\">Deficienti.<\/span><\/p>\n","protected":false},"excerpt":{"rendered":"<p>C\u2019\u00e8 maretta, in questa quarta. Storie di favoritismi, veri o presunti tali, e di leccaculismo reale o supposto hanno reso i rapporti piuttosto tesi. A farne le spese, a torto o a ragione non so\u00a0 &#8211; e non m\u2019interessa gran che -, \u00e8 soprattutto una ragazza, pi\u00f9 ingenua o pi\u00f9 fessa degli altri, che senza &hellip; <a href=\"https:\/\/www.lettiseparati.it\/?p=473\" class=\"more-link\">Continue reading<span class=\"screen-reader-text\"> &#8220;BRICOLEUR DELL\u2019INTERCETTAZIONE&#8221;<\/span><\/a><\/p>\n","protected":false},"author":2,"featured_media":0,"comment_status":"open","ping_status":"open","sticky":false,"template":"","format":"standard","meta":[],"categories":[50,48,51],"tags":[100],"_links":{"self":[{"href":"https:\/\/www.lettiseparati.it\/index.php?rest_route=\/wp\/v2\/posts\/473"}],"collection":[{"href":"https:\/\/www.lettiseparati.it\/index.php?rest_route=\/wp\/v2\/posts"}],"about":[{"href":"https:\/\/www.lettiseparati.it\/index.php?rest_route=\/wp\/v2\/types\/post"}],"author":[{"embeddable":true,"href":"https:\/\/www.lettiseparati.it\/index.php?rest_route=\/wp\/v2\/users\/2"}],"replies":[{"embeddable":true,"href":"https:\/\/www.lettiseparati.it\/index.php?rest_route=%2Fwp%2Fv2%2Fcomments&post=473"}],"version-history":[{"count":3,"href":"https:\/\/www.lettiseparati.it\/index.php?rest_route=\/wp\/v2\/posts\/473\/revisions"}],"predecessor-version":[{"id":477,"href":"https:\/\/www.lettiseparati.it\/index.php?rest_route=\/wp\/v2\/posts\/473\/revisions\/477"}],"wp:attachment":[{"href":"https:\/\/www.lettiseparati.it\/index.php?rest_route=%2Fwp%2Fv2%2Fmedia&parent=473"}],"wp:term":[{"taxonomy":"category","embeddable":true,"href":"https:\/\/www.lettiseparati.it\/index.php?rest_route=%2Fwp%2Fv2%2Fcategories&post=473"},{"taxonomy":"post_tag","embeddable":true,"href":"https:\/\/www.lettiseparati.it\/index.php?rest_route=%2Fwp%2Fv2%2Ftags&post=473"}],"curies":[{"name":"wp","href":"https:\/\/api.w.org\/{rel}","templated":true}]}}